{"id":7658,"date":"2025-02-18T10:34:09","date_gmt":"2025-02-18T09:34:09","guid":{"rendered":"https:\/\/www.celinabodstangen.com\/?p=7658"},"modified":"2025-07-02T17:03:54","modified_gmt":"2025-07-02T15:03:54","slug":"10-maerz-2025","status":"publish","type":"post","link":"https:\/\/www.celinabodstangen.com\/en\/10-maerz-2025\/","title":{"rendered":"Equitana: Aubenhausen Live"},"content":{"rendered":"[et_pb_section fb_built=&#8220;1&#8243; admin_label=&#8220;section&#8220; _builder_version=&#8220;4.16&#8243; global_colors_info=&#8220;{}&#8220;][et_pb_row admin_label=&#8220;row&#8220; _builder_version=&#8220;4.27.2&#8243; background_size=&#8220;initial&#8220; background_position=&#8220;top_left&#8220; background_repeat=&#8220;repeat&#8220; width=&#8220;90%&#8220; custom_padding=&#8220;40px|||||&#8220; global_colors_info=&#8220;{}&#8220;][et_pb_column type=&#8220;4_4&#8243; _builder_version=&#8220;4.16&#8243; custom_padding=&#8220;|||&#8220; global_colors_info=&#8220;{}&#8220; custom_padding__hover=&#8220;|||&#8220;][et_pb_text admin_label=&#8220;Text&#8220; _builder_version=&#8220;4.27.2&#8243; text_font=&#8220;Montserrat|300|||||||&#8220; text_text_color=&#8220;#042549&#8243; background_size=&#8220;initial&#8220; background_position=&#8220;top_left&#8220; background_repeat=&#8220;repeat&#8220; hover_enabled=&#8220;0&#8243; global_colors_info=&#8220;{}&#8220; sticky_enabled=&#8220;0&#8243;]<p><strong>Equitana: Jessica von Bredow-Werndl und Benjamin Werndl LIVE<\/strong><\/p>\n<p><!-- \/divi:paragraph --><\/p>\n<p>On <strong>10. March 2025<\/strong> I will take part in Aubenhausen Live at <a href=\"https:\/\/www.equitana.com\/\" target=\"_blank\" rel=\"noopener\"><strong>EQUITANA<\/strong><\/a> in Essen. The world\u2019s leading equestrian trade fair offers a diverse program for horse sport enthusiasts. A special highlight is the event \u201cJessica von Bredow-Werndl and Benjamin Werndl LIVE powered by Aubenhausen Club\u201d, where the renowned dressage riders share their knowledge and experience. I\u2019m excited to be part of this event and to provide insights into training and working with horses.<\/p>\n<p><!-- \/divi:paragraph --><\/p>\n<div class=\"wp-block-buttons\">\n<p><!-- \/divi:button --><\/p>\n<\/div>\n<p><!-- \/divi:buttons --><\/p>[\/et_pb_text][\/et_pb_column][\/et_pb_row][\/et_pb_section]","protected":false},"excerpt":{"rendered":"<p>10. March 2025<\/p>","protected":false},"author":1,"featured_media":7802,"comment_status":"open","ping_status":"open","sticky":false,"template":"","format":"standard","meta":{"_et_pb_use_builder":"on","_et_pb_old_content":"<!-- wp:paragraph -->\n<p><strong>Exklusiver Lehrgang mit Sebastian Heinze \u2013 Trainingseinheit im Viereck<\/strong><\/p>\n<!-- \/wp:paragraph -->\n\n<!-- wp:paragraph -->\n<p>Nutze diese einmalige Gelegenheit, unter der Anleitung von Sebastian Heinze, dem ehemaligen Deutschen Bundestrainer der U25, eine exklusive 30-min\u00fctige Trainingseinheit im Viereck zu erleben. In dieser intensiven Trainingseinheit wird Sebastian Heinze dein Pferd und dich im Detail begleiten, m\u00f6gliche Schwachstellen aufdecken und dir hochkar\u00e4tige Tipps f\u00fcr die weitere Ausbildung mit auf den Weg geben.<\/p>\n<!-- \/wp:paragraph -->\n\n<!-- wp:paragraph -->\n<p><strong>Warum dieser Lehrgang ein Muss ist:<br><\/strong>Sebastian Heinze ist bekannt f\u00fcr seine pr\u00e4zise und zielorientierte Trainingsmethoden. In dieser exklusiven Einheit wirst du von seiner langj\u00e4hrigen Erfahrung als Bundestrainer und Ausbilder profitieren. Er wird dir helfen, die Feinheiten der Dressurausbildung zu verstehen und umzusetzen, sodass du und dein Pferd als Team noch besser zusammenarbeiten k\u00f6nnen.<\/p>\n<!-- \/wp:paragraph -->\n\n<!-- wp:paragraph -->\n<p><strong>Lehrgangsdetails:<br><\/strong>Datum:&nbsp;Donnerstag, 09.01.2025 von 08:30 \u2013 17:00 Uhr<br>Zielgerichtete Zeitplanung:&nbsp;Die genaue Zeiteinteilung wird dir rechtzeitig vor dem Lehrgang mitgeteilt.<\/p>\n<!-- \/wp:paragraph -->\n\n<!-- wp:paragraph -->\n<p><strong>Extras:<br><\/strong>Lernen durch Zuschauen:<br>Du hast die M\u00f6glichkeit, bei den Unterrichtseinheiten, bei denen ich pers\u00f6nlich mitreite, zuzuschauen und von diesen zu lernen. Diese Einheiten, bei denen du zuschauen kannst, werden dir vor Beginn des Events in einer E-Mail bekanntgegeben. Bei den Einheiten anderer Teilnehmer bitten wir dich, vorab um Erlaubnis zu fragen, ob sie damit einverstanden sind.<\/p>\n<!-- \/wp:paragraph -->\n\n<!-- wp:paragraph -->\n<p>Alles auf Film:<br>Wenn du deine Lernm\u00f6glichkeiten vollst\u00e4ndig aussch\u00f6pfen m\u00f6chtest, bieten wir dir die Option, dass ein Mitglied unseres Teams deine Unterrichtseinheit filmt \u2013 direkt mit deinem Handy (sofern von dir gebucht). Das Video steht dir dann zur sp\u00e4teren Analyse und Reflexion zur Verf\u00fcgung. Eine tolle M\u00f6glichkeit, deine Fortschritte zu verfolgen!<\/p>\n<!-- \/wp:paragraph -->\n\n<!-- wp:paragraph -->\n<p>Gemeinsames Mittag- oder Abendessen (wird vor Ort bezahlt):<br>Das gemeinsame Mittag- oder Abendessen (je nach Reservierung) ist eine wunderbare Gelegenheit, sich mit anderen Teilnehmern auszutauschen und die entspannte Atmosph\u00e4re zu genie\u00dfen.<\/p>\n<!-- \/wp:paragraph -->\n\n<!-- wp:paragraph -->\n<p><strong>Gastboxen:<\/strong><br>Tagesbox:&nbsp;50 Euro<br>\u00dcbernachtungsbox:&nbsp;100 Euro<\/p>\n<!-- \/wp:paragraph -->\n\n<!-- wp:paragraph -->\n<p>Wichtige Hinweise:<br>Boxen sind nur mit Stroh-Einstreu verf\u00fcgbar.<br>Alle externen Pferde m\u00fcssen Herpes-geimpft sein.<\/p>\n<!-- \/wp:paragraph -->\n\n<!-- wp:paragraph -->\n<p>Melde dich schnell an! Die Teilnehmerzahl ist begrenzt, damit wir dir die bestm\u00f6gliche individuelle Betreuung bieten k\u00f6nnen. Sicher dir deinen Platz f\u00fcr diesen besonderen Lehrgang mit Sebastian Heinze!<\/p>\n<!-- \/wp:paragraph -->\n\n<!-- wp:paragraph -->\n<p><strong>Hinweise zur Buchung:<\/strong><br>Der Anmeldung zum Lehrgang liegen die&nbsp;<a href=\"https:\/\/www.celinabodstangen.com\/agb\" target=\"_blank\" rel=\"noreferrer noopener\">AGB<\/a>&nbsp;mit den folgenden Regelungen f\u00fcr Lehrg\u00e4nge zugrunde.<\/p>\n<!-- \/wp:paragraph -->\n\n<!-- wp:paragraph -->\n<p>Kein Widerrufsrecht:&nbsp;Da unsere Dienstleistungen zu einem festgelegten Termin erbracht werden, entf\u00e4llt das gesetzliche Widerrufsrecht gem\u00e4\u00df \u00a7 312g Abs. 2 Nr. 9 BGB nach Abschluss der Buchung.<\/p>\n<!-- \/wp:paragraph -->\n\n<!-- wp:paragraph -->\n<p>Stornobedingungen f\u00fcr Lehrg\u00e4nge:&nbsp;Stornierungen sind bis zu 14 Tage vor dem gebuchten Termin m\u00f6glich. In diesem Fall erheben wir 50% des Buchungsbetrags als Stornogeb\u00fchr. Bei einer Stornierung innerhalb von 14 Tagen vor dem Termin oder bei Nichterscheinen erfolgt keine R\u00fcckerstattung. F\u00fcr vollst\u00e4ndige Informationen zu unseren Stornobedingungen und weiteren Regelungen verweisen wir auf unsere detaillierten AGBs.<\/p>\n<!-- \/wp:paragraph -->\n\n<!-- wp:paragraph -->\n<p>Kulanzregelung:&nbsp;Falls der Kunde eine gebuchte Dienstleistung nicht wahrnehmen kann, bem\u00fchen wir uns um eine faire L\u00f6sung. In Einzelf\u00e4llen kann ein Gutschein f\u00fcr eine zuk\u00fcnftige Veranstaltung aus Kulanz angeboten werden. Ein Anspruch auf einen Gutschein besteht jedoch nicht.<\/p>\n<!-- \/wp:paragraph -->\n\n<!-- wp:paragraph -->\n<p>[tribe_tickets post_id=\"7355\"]<\/p>\n<!-- \/wp:paragraph -->\n\n<!-- wp:paragraph -->\n<p><br><\/p>\n<!-- \/wp:paragraph -->\n\n<!-- wp:buttons {\"layout\":{\"type\":\"flex\"}} -->\n<div class=\"wp-block-buttons\"><!-- wp:button {\"textAlign\":\"left\"} -->\n<div class=\"wp-block-button\"><a class=\"wp-block-button__link has-text-align-left wp-element-button\">F\u00fcr Donnerstag anmelden<\/a><\/div>\n<!-- \/wp:button -->\n\n<!-- wp:button -->\n<div class=\"wp-block-button\"><a class=\"wp-block-button__link wp-element-button\">F\u00fcr Freitag anmelden<\/a><\/div>\n<!-- \/wp:button --><\/div>\n<!-- \/wp:buttons -->","_et_gb_content_width":"1080","_price":"","_stock":"","_tribe_ticket_header":"","_tribe_default_ticket_provider":"","_ticket_start_date":"","_ticket_end_date":"","_tribe_ticket_show_description":"","_tribe_ticket_show_not_going":false,"_tribe_ticket_use_global_stock":"","_tribe_ticket_global_stock_level":"","_global_stock_mode":"","_global_stock_cap":"","_tribe_rsvp_for_event":"","_tribe_ticket_going_count":"","_tribe_ticket_not_going_count":"","_tribe_tickets_list":"[]","_tribe_ticket_has_attendee_info_fields":false,"footnotes":""},"categories":[20],"tags":[],"class_list":["post-7658","post","type-post","status-publish","format-standard","has-post-thumbnail","hentry","category-event"],"yoast_head":"<!-- This site is optimized with the Yoast SEO plugin v26.6 - https:\/\/yoast.com\/wordpress\/plugins\/seo\/ -->\n<title>Equitana: Aubenhausen Live - Celina Bodstangen Dressage<\/title>\n<meta name=\"robots\" content=\"index, follow, max-snippet:-1, max-image-preview:large, max-video-preview:-1\" \/>\n<link rel=\"canonical\" href=\"https:\/\/www.celinabodstangen.com\/en\/10-maerz-2025\/\" \/>\n<meta property=\"og:locale\" content=\"en_US\" \/>\n<meta property=\"og:type\" content=\"article\" \/>\n<meta property=\"og:title\" content=\"Equitana: Aubenhausen Live - Celina Bodstangen Dressage\" \/>\n<meta property=\"og:description\" content=\"10. M\u00e4rz 2025\" \/>\n<meta property=\"og:url\" content=\"https:\/\/www.celinabodstangen.com\/en\/10-maerz-2025\/\" \/>\n<meta property=\"og:site_name\" content=\"Celina Bodstangen Dressage\" \/>\n<meta property=\"article:published_time\" content=\"2025-02-18T09:34:09+00:00\" \/>\n<meta property=\"article:modified_time\" content=\"2025-07-02T15:03:54+00:00\" \/>\n<meta property=\"og:image\" content=\"https:\/\/www.celinabodstangen.com\/wp-content\/uploads\/2025\/02\/Celina-Bodstangen-Dressage-Equitana-Show-2025.jpg\" \/>\n\t<meta property=\"og:image:width\" content=\"1290\" \/>\n\t<meta property=\"og:image:height\" content=\"795\" \/>\n\t<meta property=\"og:image:type\" content=\"image\/jpeg\" \/>\n<meta name=\"author\" content=\"Celina B\u00e5dstangen\" \/>\n<meta name=\"twitter:card\" content=\"summary_large_image\" \/>\n<meta name=\"twitter:label1\" content=\"Written by\" \/>\n\t<meta name=\"twitter:data1\" content=\"Celina B\u00e5dstangen\" \/>\n\t<meta name=\"twitter:label2\" content=\"Est. reading time\" \/>\n\t<meta name=\"twitter:data2\" content=\"1 minute\" \/>\n<script type=\"application\/ld+json\" class=\"yoast-schema-graph\">{\"@context\":\"https:\/\/schema.org\",\"@graph\":[{\"@type\":\"Article\",\"@id\":\"https:\/\/www.celinabodstangen.com\/10-maerz-2025\/#article\",\"isPartOf\":{\"@id\":\"https:\/\/www.celinabodstangen.com\/10-maerz-2025\/\"},\"author\":{\"name\":\"Celina B\u00e5dstangen\",\"@id\":\"https:\/\/www.celinabodstangen.com\/#\/schema\/person\/dbcdafaec2215a51004b995c233cf3fe\"},\"headline\":\"Equitana: Aubenhausen Live\",\"datePublished\":\"2025-02-18T09:34:09+00:00\",\"dateModified\":\"2025-07-02T15:03:54+00:00\",\"mainEntityOfPage\":{\"@id\":\"https:\/\/www.celinabodstangen.com\/10-maerz-2025\/\"},\"wordCount\":179,\"commentCount\":0,\"publisher\":{\"@id\":\"https:\/\/www.celinabodstangen.com\/#\/schema\/person\/dbcdafaec2215a51004b995c233cf3fe\"},\"image\":{\"@id\":\"https:\/\/www.celinabodstangen.com\/10-maerz-2025\/#primaryimage\"},\"thumbnailUrl\":\"https:\/\/www.celinabodstangen.com\/wp-content\/uploads\/2025\/02\/Celina-Bodstangen-Dressage-Equitana-Show-2025.jpg\",\"articleSection\":[\"Event\"],\"inLanguage\":\"en-US\",\"potentialAction\":[{\"@type\":\"CommentAction\",\"name\":\"Comment\",\"target\":[\"https:\/\/www.celinabodstangen.com\/10-maerz-2025\/#respond\"]}]},{\"@type\":\"WebPage\",\"@id\":\"https:\/\/www.celinabodstangen.com\/10-maerz-2025\/\",\"url\":\"https:\/\/www.celinabodstangen.com\/10-maerz-2025\/\",\"name\":\"Equitana: Aubenhausen Live - Celina Bodstangen Dressage\",\"isPartOf\":{\"@id\":\"https:\/\/www.celinabodstangen.com\/#website\"},\"primaryImageOfPage\":{\"@id\":\"https:\/\/www.celinabodstangen.com\/10-maerz-2025\/#primaryimage\"},\"image\":{\"@id\":\"https:\/\/www.celinabodstangen.com\/10-maerz-2025\/#primaryimage\"},\"thumbnailUrl\":\"https:\/\/www.celinabodstangen.com\/wp-content\/uploads\/2025\/02\/Celina-Bodstangen-Dressage-Equitana-Show-2025.jpg\",\"datePublished\":\"2025-02-18T09:34:09+00:00\",\"dateModified\":\"2025-07-02T15:03:54+00:00\",\"breadcrumb\":{\"@id\":\"https:\/\/www.celinabodstangen.com\/10-maerz-2025\/#breadcrumb\"},\"inLanguage\":\"en-US\",\"potentialAction\":[{\"@type\":\"ReadAction\",\"target\":[\"https:\/\/www.celinabodstangen.com\/10-maerz-2025\/\"]}]},{\"@type\":\"ImageObject\",\"inLanguage\":\"en-US\",\"@id\":\"https:\/\/www.celinabodstangen.com\/10-maerz-2025\/#primaryimage\",\"url\":\"https:\/\/www.celinabodstangen.com\/wp-content\/uploads\/2025\/02\/Celina-Bodstangen-Dressage-Equitana-Show-2025.jpg\",\"contentUrl\":\"https:\/\/www.celinabodstangen.com\/wp-content\/uploads\/2025\/02\/Celina-Bodstangen-Dressage-Equitana-Show-2025.jpg\",\"width\":1290,\"height\":795,\"caption\":\"Celina-Bodstangen-Dressage-Equitana-Show-2025\"},{\"@type\":\"BreadcrumbList\",\"@id\":\"https:\/\/www.celinabodstangen.com\/10-maerz-2025\/#breadcrumb\",\"itemListElement\":[{\"@type\":\"ListItem\",\"position\":1,\"name\":\"Startseite\",\"item\":\"https:\/\/www.celinabodstangen.com\/\"},{\"@type\":\"ListItem\",\"position\":2,\"name\":\"Equitana: Aubenhausen Live\"}]},{\"@type\":\"WebSite\",\"@id\":\"https:\/\/www.celinabodstangen.com\/#website\",\"url\":\"https:\/\/www.celinabodstangen.com\/\",\"name\":\"Celina Bodstangen Dressage\",\"description\":\"Dressurreiterin: Beritt, Reitunterricht (online &amp; vor Ort) bei M\u00fcnchen\",\"publisher\":{\"@id\":\"https:\/\/www.celinabodstangen.com\/#\/schema\/person\/dbcdafaec2215a51004b995c233cf3fe\"},\"potentialAction\":[{\"@type\":\"SearchAction\",\"target\":{\"@type\":\"EntryPoint\",\"urlTemplate\":\"https:\/\/www.celinabodstangen.com\/?s={search_term_string}\"},\"query-input\":{\"@type\":\"PropertyValueSpecification\",\"valueRequired\":true,\"valueName\":\"search_term_string\"}}],\"inLanguage\":\"en-US\"},{\"@type\":[\"Person\",\"Organization\"],\"@id\":\"https:\/\/www.celinabodstangen.com\/#\/schema\/person\/dbcdafaec2215a51004b995c233cf3fe\",\"name\":\"Celina B\u00e5dstangen\",\"image\":{\"@type\":\"ImageObject\",\"inLanguage\":\"en-US\",\"@id\":\"https:\/\/www.celinabodstangen.com\/#\/schema\/person\/image\/\",\"url\":\"https:\/\/www.celinabodstangen.com\/wp-content\/uploads\/2025\/01\/CB-Dressage_Logo-V1_DARKBLUE.png\",\"contentUrl\":\"https:\/\/www.celinabodstangen.com\/wp-content\/uploads\/2025\/01\/CB-Dressage_Logo-V1_DARKBLUE.png\",\"width\":1705,\"height\":1705,\"caption\":\"Celina B\u00e5dstangen\"},\"logo\":{\"@id\":\"https:\/\/www.celinabodstangen.com\/#\/schema\/person\/image\/\"},\"description\":\"Celina B\u00e5dstangen is a dressage rider, trainer, breeder and is based in Munich, Germany. The Norwegian and German rider has already achieved several international victories up to the Grand Prix level, participated in two European Championships, and earned an 11th place in the freestyle final of the U25 European Championships in 2024. From 2021 to 2024 Celina was trained by Olympic champion Jessica von Bredow-Werndl and World Championship Rider Benjamin Werndl. In addition, she has supported Aubenhausen and Gest\u00fct Grafing as an independent rider and since 2021 she has accompanied several students up to the advanced level and in the training of their horses up to young horse World Championship sightings.\",\"sameAs\":[\"https:\/\/www.celinabodstangen.com\",\"https:\/\/www.instagram.com\/celinabodstangen\/\"],\"url\":\"https:\/\/www.celinabodstangen.com\/en\/author\/wpbodstangen1\/\"}]}<\/script>\n<!-- \/ Yoast SEO plugin. -->","yoast_head_json":{"title":"Equitana: Aubenhausen Live - Celina Bodstangen Dressage","robots":{"index":"index","follow":"follow","max-snippet":"max-snippet:-1","max-image-preview":"max-image-preview:large","max-video-preview":"max-video-preview:-1"},"canonical":"https:\/\/www.celinabodstangen.com\/en\/10-maerz-2025\/","og_locale":"en_US","og_type":"article","og_title":"Equitana: Aubenhausen Live - Celina Bodstangen Dressage","og_description":"10. M\u00e4rz 2025","og_url":"https:\/\/www.celinabodstangen.com\/en\/10-maerz-2025\/","og_site_name":"Celina Bodstangen Dressage","article_published_time":"2025-02-18T09:34:09+00:00","article_modified_time":"2025-07-02T15:03:54+00:00","og_image":[{"width":1290,"height":795,"url":"https:\/\/www.celinabodstangen.com\/wp-content\/uploads\/2025\/02\/Celina-Bodstangen-Dressage-Equitana-Show-2025.jpg","type":"image\/jpeg"}],"author":"Celina B\u00e5dstangen","twitter_card":"summary_large_image","twitter_misc":{"Written by":"Celina B\u00e5dstangen","Est. reading time":"1 minute"},"schema":{"@context":"https:\/\/schema.org","@graph":[{"@type":"Article","@id":"https:\/\/www.celinabodstangen.com\/10-maerz-2025\/#article","isPartOf":{"@id":"https:\/\/www.celinabodstangen.com\/10-maerz-2025\/"},"author":{"name":"Celina B\u00e5dstangen","@id":"https:\/\/www.celinabodstangen.com\/#\/schema\/person\/dbcdafaec2215a51004b995c233cf3fe"},"headline":"Equitana: Aubenhausen Live","datePublished":"2025-02-18T09:34:09+00:00","dateModified":"2025-07-02T15:03:54+00:00","mainEntityOfPage":{"@id":"https:\/\/www.celinabodstangen.com\/10-maerz-2025\/"},"wordCount":179,"commentCount":0,"publisher":{"@id":"https:\/\/www.celinabodstangen.com\/#\/schema\/person\/dbcdafaec2215a51004b995c233cf3fe"},"image":{"@id":"https:\/\/www.celinabodstangen.com\/10-maerz-2025\/#primaryimage"},"thumbnailUrl":"https:\/\/www.celinabodstangen.com\/wp-content\/uploads\/2025\/02\/Celina-Bodstangen-Dressage-Equitana-Show-2025.jpg","articleSection":["Event"],"inLanguage":"en-US","potentialAction":[{"@type":"CommentAction","name":"Comment","target":["https:\/\/www.celinabodstangen.com\/10-maerz-2025\/#respond"]}]},{"@type":"WebPage","@id":"https:\/\/www.celinabodstangen.com\/10-maerz-2025\/","url":"https:\/\/www.celinabodstangen.com\/10-maerz-2025\/","name":"Equitana: Aubenhausen Live - Celina Bodstangen Dressage","isPartOf":{"@id":"https:\/\/www.celinabodstangen.com\/#website"},"primaryImageOfPage":{"@id":"https:\/\/www.celinabodstangen.com\/10-maerz-2025\/#primaryimage"},"image":{"@id":"https:\/\/www.celinabodstangen.com\/10-maerz-2025\/#primaryimage"},"thumbnailUrl":"https:\/\/www.celinabodstangen.com\/wp-content\/uploads\/2025\/02\/Celina-Bodstangen-Dressage-Equitana-Show-2025.jpg","datePublished":"2025-02-18T09:34:09+00:00","dateModified":"2025-07-02T15:03:54+00:00","breadcrumb":{"@id":"https:\/\/www.celinabodstangen.com\/10-maerz-2025\/#breadcrumb"},"inLanguage":"en-US","potentialAction":[{"@type":"ReadAction","target":["https:\/\/www.celinabodstangen.com\/10-maerz-2025\/"]}]},{"@type":"ImageObject","inLanguage":"en-US","@id":"https:\/\/www.celinabodstangen.com\/10-maerz-2025\/#primaryimage","url":"https:\/\/www.celinabodstangen.com\/wp-content\/uploads\/2025\/02\/Celina-Bodstangen-Dressage-Equitana-Show-2025.jpg","contentUrl":"https:\/\/www.celinabodstangen.com\/wp-content\/uploads\/2025\/02\/Celina-Bodstangen-Dressage-Equitana-Show-2025.jpg","width":1290,"height":795,"caption":"Celina-Bodstangen-Dressage-Equitana-Show-2025"},{"@type":"BreadcrumbList","@id":"https:\/\/www.celinabodstangen.com\/10-maerz-2025\/#breadcrumb","itemListElement":[{"@type":"ListItem","position":1,"name":"Startseite","item":"https:\/\/www.celinabodstangen.com\/"},{"@type":"ListItem","position":2,"name":"Equitana: Aubenhausen Live"}]},{"@type":"WebSite","@id":"https:\/\/www.celinabodstangen.com\/#website","url":"https:\/\/www.celinabodstangen.com\/","name":"Celina Bodstangen Dressage","description":"Dressurreiterin: Beritt, Reitunterricht (online &amp; vor Ort) bei M\u00fcnchen","publisher":{"@id":"https:\/\/www.celinabodstangen.com\/#\/schema\/person\/dbcdafaec2215a51004b995c233cf3fe"},"potentialAction":[{"@type":"SearchAction","target":{"@type":"EntryPoint","urlTemplate":"https:\/\/www.celinabodstangen.com\/?s={search_term_string}"},"query-input":{"@type":"PropertyValueSpecification","valueRequired":true,"valueName":"search_term_string"}}],"inLanguage":"en-US"},{"@type":["Person","Organization"],"@id":"https:\/\/www.celinabodstangen.com\/#\/schema\/person\/dbcdafaec2215a51004b995c233cf3fe","name":"Celina B\u00e5dstangen","image":{"@type":"ImageObject","inLanguage":"en-US","@id":"https:\/\/www.celinabodstangen.com\/#\/schema\/person\/image\/","url":"https:\/\/www.celinabodstangen.com\/wp-content\/uploads\/2025\/01\/CB-Dressage_Logo-V1_DARKBLUE.png","contentUrl":"https:\/\/www.celinabodstangen.com\/wp-content\/uploads\/2025\/01\/CB-Dressage_Logo-V1_DARKBLUE.png","width":1705,"height":1705,"caption":"Celina B\u00e5dstangen"},"logo":{"@id":"https:\/\/www.celinabodstangen.com\/#\/schema\/person\/image\/"},"description":"Celina B\u00e5dstangen is a dressage rider, trainer, breeder and is based in Munich, Germany. The Norwegian and German rider has already achieved several international victories up to the Grand Prix level, participated in two European Championships, and earned an 11th place in the freestyle final of the U25 European Championships in 2024. From 2021 to 2024 Celina was trained by Olympic champion Jessica von Bredow-Werndl and World Championship Rider Benjamin Werndl. In addition, she has supported Aubenhausen and Gest\u00fct Grafing as an independent rider and since 2021 she has accompanied several students up to the advanced level and in the training of their horses up to young horse World Championship sightings.","sameAs":["https:\/\/www.celinabodstangen.com","https:\/\/www.instagram.com\/celinabodstangen\/"],"url":"https:\/\/www.celinabodstangen.com\/en\/author\/wpbodstangen1\/"}]}},"_links":{"self":[{"href":"https:\/\/www.celinabodstangen.com\/en\/wp-json\/wp\/v2\/posts\/7658","targetHints":{"allow":["GET"]}}],"collection":[{"href":"https:\/\/www.celinabodstangen.com\/en\/wp-json\/wp\/v2\/posts"}],"about":[{"href":"https:\/\/www.celinabodstangen.com\/en\/wp-json\/wp\/v2\/types\/post"}],"author":[{"embeddable":true,"href":"https:\/\/www.celinabodstangen.com\/en\/wp-json\/wp\/v2\/users\/1"}],"replies":[{"embeddable":true,"href":"https:\/\/www.celinabodstangen.com\/en\/wp-json\/wp\/v2\/comments?post=7658"}],"version-history":[{"count":7,"href":"https:\/\/www.celinabodstangen.com\/en\/wp-json\/wp\/v2\/posts\/7658\/revisions"}],"predecessor-version":[{"id":7784,"href":"https:\/\/www.celinabodstangen.com\/en\/wp-json\/wp\/v2\/posts\/7658\/revisions\/7784"}],"wp:featuredmedia":[{"embeddable":true,"href":"https:\/\/www.celinabodstangen.com\/en\/wp-json\/wp\/v2\/media\/7802"}],"wp:attachment":[{"href":"https:\/\/www.celinabodstangen.com\/en\/wp-json\/wp\/v2\/media?parent=7658"}],"wp:term":[{"taxonomy":"category","embeddable":true,"href":"https:\/\/www.celinabodstangen.com\/en\/wp-json\/wp\/v2\/categories?post=7658"},{"taxonomy":"post_tag","embeddable":true,"href":"https:\/\/www.celinabodstangen.com\/en\/wp-json\/wp\/v2\/tags?post=7658"}],"curies":[{"name":"wp","href":"https:\/\/api.w.org\/{rel}","templated":true}]}}