{"id":7812,"date":"2025-07-11T17:35:46","date_gmt":"2025-07-11T15:35:46","guid":{"rendered":"https:\/\/www.celinabodstangen.com\/?p=7812"},"modified":"2025-07-18T15:10:24","modified_gmt":"2025-07-18T13:10:24","slug":"teilnahme-frederic-wandres-seminar","status":"publish","type":"post","link":"https:\/\/www.celinabodstangen.com\/en\/teilnahme-frederic-wandres-seminar\/","title":{"rendered":"Frederic Wandres Seminar"},"content":{"rendered":"<h3 class=\"wp-block-heading\">Many insights gained: Inspiration from top riders like Frederic Wandres<\/h3>\n\n\n\n<p>The PM-Online seminar on July 11 with Frederic Wandres was again a fantastic opportunity to gather fresh input and valuable insights for my training. I was able to take away many practical tips that will help me to better support my horses.<\/p>\n\n\n\n<p>What always fascinates me is the diversity of approaches. Receiving important impulses from many different top riders shows that there is no \u201cone-size-fits-all\u201d recipe. Everyone does it in their own way. It inspires me to discover various methods and to take the best from each for my horses.<\/p>\n\n\n\n<h3 class=\"wp-block-heading\">Here are some key learnings I took away:<\/h3>\n\n\n\n<p><strong>Anspannung durch Loslassen reduzieren:<\/strong> Immer wieder Z\u00fcgel aus der Hand kauen, loben oder aktiv loslassen, um die Spannung zu verringern und die Haltung locker zu halten.<\/p>\n\n\n\n<p><strong>Balance selbst finden lassen: <\/strong>Die Pferde sollten nicht zu stark unterst\u00fctzt werden.<\/p>\n\n\n\n<p><strong>Schritt verbessern:<\/strong> Durch Zirkelreiten und Schenkelweichen an der offenen Zirkelseite kann man die Schrittqualit\u00e4t verbessern.<\/p>\n\n\n\n<p><strong>Biorhythmus ber\u00fccksichtigen:<\/strong> Bei Turnieren, z.B. abends, sollte man ein- bis zwei Wochen vorher auch abends reiten, um den nat\u00fcrlichen Rhythmus des Pferdes anzupassen.<\/p>\n\n\n\n<p><strong>Fr\u00fch in den Grand Prix:<\/strong> Es gibt keine zu sp\u00e4ten Einstiege in den Grand Prix, nur zu fr\u00fche. (Zitat Moni Theoduresko)<\/p>\n\n\n\n<p>I always enjoy exchanging ideas and gaining new knowledge from top riders. Frederic Wandres, part of the German Olympic dressage team, brings enormous experience. It\u2019s motivating to learn from such professionals and to incorporate their different perspectives into my training.<\/p>","protected":false},"excerpt":{"rendered":"<p>11. July 2025<\/p>","protected":false},"author":1,"featured_media":5047,"comment_status":"open","ping_status":"open","sticky":false,"template":"","format":"standard","meta":{"_et_pb_use_builder":"off","_et_pb_old_content":"<!-- wp:paragraph -->\n<p><strong>Viele Learnings mitgenommen: Inspiration von Top-Reitern wie Frederic Wandres<\/strong><\/p>\n<!-- \/wp:paragraph -->\n\n<!-- wp:paragraph -->\n<p>Das PM-Online-Seminar am 11. Juli mit Frederic Wandres war erneut eine gro\u00dfartige Gelegenheit, neues Input zu erhalten und wertvolle Erkenntnisse f\u00fcr mein Training zu sammeln. Ich konnte viele praktische Tipps mitnehmen, die mir helfen werden, meine Pferde noch besser zu f\u00f6rdern.<\/p>\n<!-- \/wp:paragraph -->\n\n<!-- wp:paragraph -->\n<p>Was mich immer wieder fasziniert, ist die Vielfalt der Herangehensweisen. Von vielen verschiedenen Top-Reitern wichtige Impulse zu bekommen, zeigt, dass es kein \u201eEinheitsrezept\u201c gibt. Jeder macht es auf seine eigene Art. Es inspiriert mich, verschiedene Ans\u00e4tze zu entdecken und das Beste f\u00fcr meine Pferde daraus mitzunehmen.<\/p>\n<!-- \/wp:paragraph -->\n\n<!-- wp:paragraph -->\n<p>Hier einige wichtige Learnings, die ich mitgenommen habe:<br>Anspannung durch Loslassen reduzieren: Immer wieder Z\u00fcgel aus der Hand kauen, loben oder aktiv loslassen, um die Spannung zu verringern und die Haltung locker zu halten.<\/p>\n<!-- \/wp:paragraph -->\n\n<!-- wp:paragraph -->\n<p>Balance selbst finden lassen: Die Pferde sollten nicht zu stark unterst\u00fctzt werden.<\/p>\n<!-- \/wp:paragraph -->\n\n<!-- wp:paragraph -->\n<p>Schritt verbessern: Durch Zirkelreiten und Schenkelweichen an der offenen Zirkelseite kann man die Schrittqualit\u00e4t verbessern.<\/p>\n<!-- \/wp:paragraph -->\n\n<!-- wp:paragraph -->\n<p>Biorhythmus ber\u00fccksichtigen: Bei Turnieren, z.B. abends, sollte man ein- bis zwei Wochen vorher auch abends reiten, um den nat\u00fcrlichen Rhythmus des Pferdes anzupassen.<\/p>\n<!-- \/wp:paragraph -->\n\n<!-- wp:paragraph -->\n<p>Fr\u00fch in den Grand Prix: Es gibt keine zu sp\u00e4ten Einstiege in den Grand Prix, nur zu fr\u00fche. (Zitat Moni Theoduresko)<\/p>\n<!-- \/wp:paragraph -->\n\n<!-- wp:paragraph -->\n<p>Ich freue mich immer \u00fcber den Austausch und neues Wissen von Spitzenreitern. Frederic Wandres geh\u00f6rt zum deutschen Olympiateam in der Dressur und bringt eine enorme Erfahrung mit. Es ist motivierend, von solchen Profis zu lernen und die verschiedenen Sichtweisen in mein Training zu integrieren.<\/p>\n<!-- \/wp:paragraph -->","_et_gb_content_width":"1080","_price":"","_stock":"","_tribe_ticket_header":"","_tribe_default_ticket_provider":"","_ticket_start_date":"","_ticket_end_date":"","_tribe_ticket_show_description":"","_tribe_ticket_show_not_going":false,"_tribe_ticket_use_global_stock":"","_tribe_ticket_global_stock_level":"","_global_stock_mode":"","_global_stock_cap":"","_tribe_rsvp_for_event":"","_tribe_ticket_going_count":"","_tribe_ticket_not_going_count":"","_tribe_tickets_list":"[]","_tribe_ticket_has_attendee_info_fields":false,"footnotes":""},"categories":[23],"tags":[],"class_list":["post-7812","post","type-post","status-publish","format-standard","has-post-thumbnail","hentry","category-news"],"yoast_head":"<!-- This site is optimized with the Yoast SEO plugin v26.6 - https:\/\/yoast.com\/wordpress\/plugins\/seo\/ -->\n<title>Teilnahme Frederic Wandres Seminar - Celina Bodstangen Dressage<\/title>\n<meta name=\"robots\" content=\"index, follow, max-snippet:-1, max-image-preview:large, max-video-preview:-1\" \/>\n<link rel=\"canonical\" href=\"https:\/\/www.celinabodstangen.com\/en\/teilnahme-frederic-wandres-seminar\/\" \/>\n<meta property=\"og:locale\" content=\"en_US\" \/>\n<meta property=\"og:type\" content=\"article\" \/>\n<meta property=\"og:title\" content=\"Teilnahme Frederic Wandres Seminar - Celina Bodstangen Dressage\" \/>\n<meta property=\"og:description\" content=\"11. Juli 2025\" \/>\n<meta property=\"og:url\" content=\"https:\/\/www.celinabodstangen.com\/en\/teilnahme-frederic-wandres-seminar\/\" \/>\n<meta property=\"og:site_name\" content=\"Celina Bodstangen Dressage\" \/>\n<meta property=\"article:published_time\" content=\"2025-07-11T15:35:46+00:00\" \/>\n<meta property=\"article:modified_time\" content=\"2025-07-18T13:10:24+00:00\" \/>\n<meta property=\"og:image\" content=\"https:\/\/www.celinabodstangen.com\/wp-content\/uploads\/2024\/05\/Celina-Bodstangen-Dressage-Dressurreiterin-Bereiterin-F28A1759.jpg\" \/>\n\t<meta property=\"og:image:width\" content=\"1000\" \/>\n\t<meta property=\"og:image:height\" content=\"667\" \/>\n\t<meta property=\"og:image:type\" content=\"image\/jpeg\" \/>\n<meta name=\"author\" content=\"Celina B\u00e5dstangen\" \/>\n<meta name=\"twitter:card\" content=\"summary_large_image\" \/>\n<meta name=\"twitter:label1\" content=\"Written by\" \/>\n\t<meta name=\"twitter:data1\" content=\"Celina B\u00e5dstangen\" \/>\n\t<meta name=\"twitter:label2\" content=\"Est. reading time\" \/>\n\t<meta name=\"twitter:data2\" content=\"2 minutes\" \/>\n<script type=\"application\/ld+json\" class=\"yoast-schema-graph\">{\"@context\":\"https:\/\/schema.org\",\"@graph\":[{\"@type\":\"Article\",\"@id\":\"https:\/\/www.celinabodstangen.com\/teilnahme-frederic-wandres-seminar\/#article\",\"isPartOf\":{\"@id\":\"https:\/\/www.celinabodstangen.com\/teilnahme-frederic-wandres-seminar\/\"},\"author\":{\"name\":\"Celina B\u00e5dstangen\",\"@id\":\"https:\/\/www.celinabodstangen.com\/#\/schema\/person\/dbcdafaec2215a51004b995c233cf3fe\"},\"headline\":\"Teilnahme Frederic Wandres Seminar\",\"datePublished\":\"2025-07-11T15:35:46+00:00\",\"dateModified\":\"2025-07-18T13:10:24+00:00\",\"mainEntityOfPage\":{\"@id\":\"https:\/\/www.celinabodstangen.com\/teilnahme-frederic-wandres-seminar\/\"},\"wordCount\":263,\"commentCount\":0,\"publisher\":{\"@id\":\"https:\/\/www.celinabodstangen.com\/#\/schema\/person\/dbcdafaec2215a51004b995c233cf3fe\"},\"image\":{\"@id\":\"https:\/\/www.celinabodstangen.com\/teilnahme-frederic-wandres-seminar\/#primaryimage\"},\"thumbnailUrl\":\"https:\/\/www.celinabodstangen.com\/wp-content\/uploads\/2024\/05\/Celina-Bodstangen-Dressage-Dressurreiterin-Bereiterin-F28A1759.jpg\",\"articleSection\":[\"News\"],\"inLanguage\":\"en-US\",\"potentialAction\":[{\"@type\":\"CommentAction\",\"name\":\"Comment\",\"target\":[\"https:\/\/www.celinabodstangen.com\/teilnahme-frederic-wandres-seminar\/#respond\"]}]},{\"@type\":\"WebPage\",\"@id\":\"https:\/\/www.celinabodstangen.com\/teilnahme-frederic-wandres-seminar\/\",\"url\":\"https:\/\/www.celinabodstangen.com\/teilnahme-frederic-wandres-seminar\/\",\"name\":\"Teilnahme Frederic Wandres Seminar - Celina Bodstangen Dressage\",\"isPartOf\":{\"@id\":\"https:\/\/www.celinabodstangen.com\/#website\"},\"primaryImageOfPage\":{\"@id\":\"https:\/\/www.celinabodstangen.com\/teilnahme-frederic-wandres-seminar\/#primaryimage\"},\"image\":{\"@id\":\"https:\/\/www.celinabodstangen.com\/teilnahme-frederic-wandres-seminar\/#primaryimage\"},\"thumbnailUrl\":\"https:\/\/www.celinabodstangen.com\/wp-content\/uploads\/2024\/05\/Celina-Bodstangen-Dressage-Dressurreiterin-Bereiterin-F28A1759.jpg\",\"datePublished\":\"2025-07-11T15:35:46+00:00\",\"dateModified\":\"2025-07-18T13:10:24+00:00\",\"breadcrumb\":{\"@id\":\"https:\/\/www.celinabodstangen.com\/teilnahme-frederic-wandres-seminar\/#breadcrumb\"},\"inLanguage\":\"en-US\",\"potentialAction\":[{\"@type\":\"ReadAction\",\"target\":[\"https:\/\/www.celinabodstangen.com\/teilnahme-frederic-wandres-seminar\/\"]}]},{\"@type\":\"ImageObject\",\"inLanguage\":\"en-US\",\"@id\":\"https:\/\/www.celinabodstangen.com\/teilnahme-frederic-wandres-seminar\/#primaryimage\",\"url\":\"https:\/\/www.celinabodstangen.com\/wp-content\/uploads\/2024\/05\/Celina-Bodstangen-Dressage-Dressurreiterin-Bereiterin-F28A1759.jpg\",\"contentUrl\":\"https:\/\/www.celinabodstangen.com\/wp-content\/uploads\/2024\/05\/Celina-Bodstangen-Dressage-Dressurreiterin-Bereiterin-F28A1759.jpg\",\"width\":1000,\"height\":667,\"caption\":\"Celina-Bodstangen-Dressage-Dressurreiterin-Bereiterin-F28A1759\"},{\"@type\":\"BreadcrumbList\",\"@id\":\"https:\/\/www.celinabodstangen.com\/teilnahme-frederic-wandres-seminar\/#breadcrumb\",\"itemListElement\":[{\"@type\":\"ListItem\",\"position\":1,\"name\":\"Startseite\",\"item\":\"https:\/\/www.celinabodstangen.com\/\"},{\"@type\":\"ListItem\",\"position\":2,\"name\":\"Teilnahme Frederic Wandres Seminar\"}]},{\"@type\":\"WebSite\",\"@id\":\"https:\/\/www.celinabodstangen.com\/#website\",\"url\":\"https:\/\/www.celinabodstangen.com\/\",\"name\":\"Celina Bodstangen Dressage\",\"description\":\"Dressurreiterin: Beritt, Reitunterricht (online &amp; vor Ort) bei M\u00fcnchen\",\"publisher\":{\"@id\":\"https:\/\/www.celinabodstangen.com\/#\/schema\/person\/dbcdafaec2215a51004b995c233cf3fe\"},\"potentialAction\":[{\"@type\":\"SearchAction\",\"target\":{\"@type\":\"EntryPoint\",\"urlTemplate\":\"https:\/\/www.celinabodstangen.com\/?s={search_term_string}\"},\"query-input\":{\"@type\":\"PropertyValueSpecification\",\"valueRequired\":true,\"valueName\":\"search_term_string\"}}],\"inLanguage\":\"en-US\"},{\"@type\":[\"Person\",\"Organization\"],\"@id\":\"https:\/\/www.celinabodstangen.com\/#\/schema\/person\/dbcdafaec2215a51004b995c233cf3fe\",\"name\":\"Celina B\u00e5dstangen\",\"image\":{\"@type\":\"ImageObject\",\"inLanguage\":\"en-US\",\"@id\":\"https:\/\/www.celinabodstangen.com\/#\/schema\/person\/image\/\",\"url\":\"https:\/\/www.celinabodstangen.com\/wp-content\/uploads\/2025\/01\/CB-Dressage_Logo-V1_DARKBLUE.png\",\"contentUrl\":\"https:\/\/www.celinabodstangen.com\/wp-content\/uploads\/2025\/01\/CB-Dressage_Logo-V1_DARKBLUE.png\",\"width\":1705,\"height\":1705,\"caption\":\"Celina B\u00e5dstangen\"},\"logo\":{\"@id\":\"https:\/\/www.celinabodstangen.com\/#\/schema\/person\/image\/\"},\"description\":\"Celina B\u00e5dstangen is a dressage rider, trainer, breeder and is based in Munich, Germany. The Norwegian and German rider has already achieved several international victories up to the Grand Prix level, participated in two European Championships, and earned an 11th place in the freestyle final of the U25 European Championships in 2024. From 2021 to 2024 Celina was trained by Olympic champion Jessica von Bredow-Werndl and World Championship Rider Benjamin Werndl. In addition, she has supported Aubenhausen and Gest\u00fct Grafing as an independent rider and since 2021 she has accompanied several students up to the advanced level and in the training of their horses up to young horse World Championship sightings.\",\"sameAs\":[\"https:\/\/www.celinabodstangen.com\",\"https:\/\/www.instagram.com\/celinabodstangen\/\"],\"url\":\"https:\/\/www.celinabodstangen.com\/en\/author\/wpbodstangen1\/\"}]}<\/script>\n<!-- \/ Yoast SEO plugin. -->","yoast_head_json":{"title":"Teilnahme Frederic Wandres Seminar - Celina Bodstangen Dressage","robots":{"index":"index","follow":"follow","max-snippet":"max-snippet:-1","max-image-preview":"max-image-preview:large","max-video-preview":"max-video-preview:-1"},"canonical":"https:\/\/www.celinabodstangen.com\/en\/teilnahme-frederic-wandres-seminar\/","og_locale":"en_US","og_type":"article","og_title":"Teilnahme Frederic Wandres Seminar - Celina Bodstangen Dressage","og_description":"11. Juli 2025","og_url":"https:\/\/www.celinabodstangen.com\/en\/teilnahme-frederic-wandres-seminar\/","og_site_name":"Celina Bodstangen Dressage","article_published_time":"2025-07-11T15:35:46+00:00","article_modified_time":"2025-07-18T13:10:24+00:00","og_image":[{"width":1000,"height":667,"url":"https:\/\/www.celinabodstangen.com\/wp-content\/uploads\/2024\/05\/Celina-Bodstangen-Dressage-Dressurreiterin-Bereiterin-F28A1759.jpg","type":"image\/jpeg"}],"author":"Celina B\u00e5dstangen","twitter_card":"summary_large_image","twitter_misc":{"Written by":"Celina B\u00e5dstangen","Est. reading time":"2 minutes"},"schema":{"@context":"https:\/\/schema.org","@graph":[{"@type":"Article","@id":"https:\/\/www.celinabodstangen.com\/teilnahme-frederic-wandres-seminar\/#article","isPartOf":{"@id":"https:\/\/www.celinabodstangen.com\/teilnahme-frederic-wandres-seminar\/"},"author":{"name":"Celina B\u00e5dstangen","@id":"https:\/\/www.celinabodstangen.com\/#\/schema\/person\/dbcdafaec2215a51004b995c233cf3fe"},"headline":"Teilnahme Frederic Wandres Seminar","datePublished":"2025-07-11T15:35:46+00:00","dateModified":"2025-07-18T13:10:24+00:00","mainEntityOfPage":{"@id":"https:\/\/www.celinabodstangen.com\/teilnahme-frederic-wandres-seminar\/"},"wordCount":263,"commentCount":0,"publisher":{"@id":"https:\/\/www.celinabodstangen.com\/#\/schema\/person\/dbcdafaec2215a51004b995c233cf3fe"},"image":{"@id":"https:\/\/www.celinabodstangen.com\/teilnahme-frederic-wandres-seminar\/#primaryimage"},"thumbnailUrl":"https:\/\/www.celinabodstangen.com\/wp-content\/uploads\/2024\/05\/Celina-Bodstangen-Dressage-Dressurreiterin-Bereiterin-F28A1759.jpg","articleSection":["News"],"inLanguage":"en-US","potentialAction":[{"@type":"CommentAction","name":"Comment","target":["https:\/\/www.celinabodstangen.com\/teilnahme-frederic-wandres-seminar\/#respond"]}]},{"@type":"WebPage","@id":"https:\/\/www.celinabodstangen.com\/teilnahme-frederic-wandres-seminar\/","url":"https:\/\/www.celinabodstangen.com\/teilnahme-frederic-wandres-seminar\/","name":"Teilnahme Frederic Wandres Seminar - Celina Bodstangen Dressage","isPartOf":{"@id":"https:\/\/www.celinabodstangen.com\/#website"},"primaryImageOfPage":{"@id":"https:\/\/www.celinabodstangen.com\/teilnahme-frederic-wandres-seminar\/#primaryimage"},"image":{"@id":"https:\/\/www.celinabodstangen.com\/teilnahme-frederic-wandres-seminar\/#primaryimage"},"thumbnailUrl":"https:\/\/www.celinabodstangen.com\/wp-content\/uploads\/2024\/05\/Celina-Bodstangen-Dressage-Dressurreiterin-Bereiterin-F28A1759.jpg","datePublished":"2025-07-11T15:35:46+00:00","dateModified":"2025-07-18T13:10:24+00:00","breadcrumb":{"@id":"https:\/\/www.celinabodstangen.com\/teilnahme-frederic-wandres-seminar\/#breadcrumb"},"inLanguage":"en-US","potentialAction":[{"@type":"ReadAction","target":["https:\/\/www.celinabodstangen.com\/teilnahme-frederic-wandres-seminar\/"]}]},{"@type":"ImageObject","inLanguage":"en-US","@id":"https:\/\/www.celinabodstangen.com\/teilnahme-frederic-wandres-seminar\/#primaryimage","url":"https:\/\/www.celinabodstangen.com\/wp-content\/uploads\/2024\/05\/Celina-Bodstangen-Dressage-Dressurreiterin-Bereiterin-F28A1759.jpg","contentUrl":"https:\/\/www.celinabodstangen.com\/wp-content\/uploads\/2024\/05\/Celina-Bodstangen-Dressage-Dressurreiterin-Bereiterin-F28A1759.jpg","width":1000,"height":667,"caption":"Celina-Bodstangen-Dressage-Dressurreiterin-Bereiterin-F28A1759"},{"@type":"BreadcrumbList","@id":"https:\/\/www.celinabodstangen.com\/teilnahme-frederic-wandres-seminar\/#breadcrumb","itemListElement":[{"@type":"ListItem","position":1,"name":"Startseite","item":"https:\/\/www.celinabodstangen.com\/"},{"@type":"ListItem","position":2,"name":"Teilnahme Frederic Wandres Seminar"}]},{"@type":"WebSite","@id":"https:\/\/www.celinabodstangen.com\/#website","url":"https:\/\/www.celinabodstangen.com\/","name":"Celina Bodstangen Dressage","description":"Dressurreiterin: Beritt, Reitunterricht (online &amp; vor Ort) bei M\u00fcnchen","publisher":{"@id":"https:\/\/www.celinabodstangen.com\/#\/schema\/person\/dbcdafaec2215a51004b995c233cf3fe"},"potentialAction":[{"@type":"SearchAction","target":{"@type":"EntryPoint","urlTemplate":"https:\/\/www.celinabodstangen.com\/?s={search_term_string}"},"query-input":{"@type":"PropertyValueSpecification","valueRequired":true,"valueName":"search_term_string"}}],"inLanguage":"en-US"},{"@type":["Person","Organization"],"@id":"https:\/\/www.celinabodstangen.com\/#\/schema\/person\/dbcdafaec2215a51004b995c233cf3fe","name":"Celina B\u00e5dstangen","image":{"@type":"ImageObject","inLanguage":"en-US","@id":"https:\/\/www.celinabodstangen.com\/#\/schema\/person\/image\/","url":"https:\/\/www.celinabodstangen.com\/wp-content\/uploads\/2025\/01\/CB-Dressage_Logo-V1_DARKBLUE.png","contentUrl":"https:\/\/www.celinabodstangen.com\/wp-content\/uploads\/2025\/01\/CB-Dressage_Logo-V1_DARKBLUE.png","width":1705,"height":1705,"caption":"Celina B\u00e5dstangen"},"logo":{"@id":"https:\/\/www.celinabodstangen.com\/#\/schema\/person\/image\/"},"description":"Celina B\u00e5dstangen is a dressage rider, trainer, breeder and is based in Munich, Germany. The Norwegian and German rider has already achieved several international victories up to the Grand Prix level, participated in two European Championships, and earned an 11th place in the freestyle final of the U25 European Championships in 2024. From 2021 to 2024 Celina was trained by Olympic champion Jessica von Bredow-Werndl and World Championship Rider Benjamin Werndl. In addition, she has supported Aubenhausen and Gest\u00fct Grafing as an independent rider and since 2021 she has accompanied several students up to the advanced level and in the training of their horses up to young horse World Championship sightings.","sameAs":["https:\/\/www.celinabodstangen.com","https:\/\/www.instagram.com\/celinabodstangen\/"],"url":"https:\/\/www.celinabodstangen.com\/en\/author\/wpbodstangen1\/"}]}},"_links":{"self":[{"href":"https:\/\/www.celinabodstangen.com\/en\/wp-json\/wp\/v2\/posts\/7812","targetHints":{"allow":["GET"]}}],"collection":[{"href":"https:\/\/www.celinabodstangen.com\/en\/wp-json\/wp\/v2\/posts"}],"about":[{"href":"https:\/\/www.celinabodstangen.com\/en\/wp-json\/wp\/v2\/types\/post"}],"author":[{"embeddable":true,"href":"https:\/\/www.celinabodstangen.com\/en\/wp-json\/wp\/v2\/users\/1"}],"replies":[{"embeddable":true,"href":"https:\/\/www.celinabodstangen.com\/en\/wp-json\/wp\/v2\/comments?post=7812"}],"version-history":[{"count":8,"href":"https:\/\/www.celinabodstangen.com\/en\/wp-json\/wp\/v2\/posts\/7812\/revisions"}],"predecessor-version":[{"id":7833,"href":"https:\/\/www.celinabodstangen.com\/en\/wp-json\/wp\/v2\/posts\/7812\/revisions\/7833"}],"wp:featuredmedia":[{"embeddable":true,"href":"https:\/\/www.celinabodstangen.com\/en\/wp-json\/wp\/v2\/media\/5047"}],"wp:attachment":[{"href":"https:\/\/www.celinabodstangen.com\/en\/wp-json\/wp\/v2\/media?parent=7812"}],"wp:term":[{"taxonomy":"category","embeddable":true,"href":"https:\/\/www.celinabodstangen.com\/en\/wp-json\/wp\/v2\/categories?post=7812"},{"taxonomy":"post_tag","embeddable":true,"href":"https:\/\/www.celinabodstangen.com\/en\/wp-json\/wp\/v2\/tags?post=7812"}],"curies":[{"name":"wp","href":"https:\/\/api.w.org\/{rel}","templated":true}]}}